{"id":131,"date":"2023-01-12T21:31:56","date_gmt":"2023-01-12T21:31:56","guid":{"rendered":"https:\/\/change-the-world.international\/?p=131"},"modified":"2023-01-19T20:21:38","modified_gmt":"2023-01-19T20:21:38","slug":"jesus-is-gods-ceo-for-changing-the-world","status":"publish","type":"post","link":"https:\/\/change-the-world.international\/en\/2023\/01\/12\/jesus-is-gods-ceo-for-changing-the-world\/","title":{"rendered":"Jesus is God&#8217;s CEO for changing the world!"},"content":{"rendered":"<p>[et_pb_section fb_built=&#8221;1&#8243; theme_builder_area=&#8221;post_content&#8221; _builder_version=&#8221;4.19.4&#8243; _module_preset=&#8221;default&#8221;][et_pb_row _builder_version=&#8221;4.19.4&#8243; _module_preset=&#8221;default&#8221; column_structure=&#8221;3_5,2_5&#8243; theme_builder_area=&#8221;post_content&#8221;][et_pb_column _builder_version=&#8221;4.19.4&#8243; _module_preset=&#8221;default&#8221; type=&#8221;3_5&#8243; theme_builder_area=&#8221;post_content&#8221;][et_pb_text _builder_version=&#8221;4.19.4&#8243; _module_preset=&#8221;default&#8221; theme_builder_area=&#8221;post_content&#8221; hover_enabled=&#8221;0&#8243; sticky_enabled=&#8221;0&#8243;]<\/p>\n<p>Jesus is ascended into heaven.<\/p>\n<p>&#8220;From there he will return to judge the living and the dead.&#8221; Says the apostolic creed.<\/p>\n<p>But Jesus isn&#8217;t just parked in heaven. He sits to &#8220;the right of God the father&#8221;. And he leads from there his followers on the earth while they act on his great commission:<\/p>\n<p><span>&#8220;And\u00a0<\/span><span class=\"person\">Jesus<span>\u00a0<\/span><\/span><span>came and spake unto them, saying,\u00a0<\/span><span class=\"word\">All power is given unto me in heaven and in earth. <\/span><span class=\"word\">Go ye therefore, and teach all nations, baptizing them in the name of the Father, and of the Son, and of the Holy Ghost.<\/span><span class=\"verse\" id=\"20\"><span>\u00a0<\/span><\/span><span class=\"word\">Teaching them to observe all things whatsoever I have commanded you: and, lo, I am with you always, even unto the end of the world.&#8221;<\/span>\u00a0Matthew 28,18-20<\/p>\n<p>But the most important thing is this: Jesus does now what his work description was that John the baptist gave him and how he announced him (which is reported in all four gospels):\u00a0<\/p>\n<p><span class=\"verse\" id=\"11\"><span>&#8220;<\/span><\/span><span>I indeed baptize you with water unto repentance: but he that cometh after me is mightier than I, whose shoes I am not worthy to bear: he shall baptize you with the Holy Ghost, and with fire:<\/span><span class=\"verse\" id=\"12\"><span>\u00a0<\/span><\/span><span>Whose fan is in his hand, and he will throughly purge his floor, and gather his wheat into the garner; but he will burn up the chaff with unquenchable fire.&#8221;<\/span> Matthew\u00a03,11-12<\/p>\n<p>Jesus is the Baptiser in the Holy Spirit!\u00a0<\/p>\n<p>The gift of the Holy Spirit is the seal on every true repentance towards God. This heavenly confirmation comes directly from Jesus, the Baptiser at God&#8217;s right side. He is the Chief Executive Officer for this central salvation issue.<\/p>\n<p>Only God knows our hearts, and he knows exactly when and to whom the Holy Spirit outpouring is given to.<\/p>\n<p>And together with the Holy Spirit God&#8217;s overflowing love, the mightiest power on the planet is poured out into our heart.\u00a0<\/p>\n<p>In this way Jesus participates as keyplayer to the mission he has given to his disciples: To spread the message that the Kingdom of God has already started to take place on earth. And that the earth and it&#8217;s inhabitants shall be saved and transformed to be worthy of heaven, that will come down to earth.<\/p>\n<p>&nbsp;<\/p>\n<p>[\/et_pb_text][\/et_pb_column][et_pb_column _builder_version=&#8221;4.19.4&#8243; _module_preset=&#8221;default&#8221; type=&#8221;2_5&#8243; theme_builder_area=&#8221;post_content&#8221;][et_pb_testimonial author=&#8221;Acts 1,9-11&#8243; portrait_url=&#8221;https:\/\/change-the-world.international\/wp-content\/uploads\/2023\/01\/AdobeStock_511394415-scaled.webp&#8221; _builder_version=&#8221;4.19.4&#8243; _module_preset=&#8221;default&#8221; theme_builder_area=&#8221;post_content&#8221; hover_enabled=&#8221;0&#8243; sticky_enabled=&#8221;0&#8243; title_text=&#8221;Jesus Christ In The Clouds Of Heaven With Brilliant Light &#8211; Asce&#8221;]<\/p>\n<p><span>And when he had spoken these things, while they beheld, he was taken up; and a cloud received him out of their sight. <\/span><span>And while they looked stedfastly toward heaven as he went up, behold, two men stood by them in white apparel; <\/span><span>Which also said, Ye men of\u00a0<\/span><span class=\"place\">Galilee<\/span><span>, why stand ye gazing up into heaven? this same\u00a0<\/span><span class=\"person\">Jesus<\/span><span>, which is taken up from you into heaven, shall so come in like manner as ye have seen him go into heaven.<\/span><\/p>\n<p>[\/et_pb_testimonial][\/et_pb_column][\/et_pb_row][\/et_pb_section]<\/p>\n","protected":false},"excerpt":{"rendered":"<p>Jesus is ascended into heaven. &#8220;From there he will return to judge the living and the dead.&#8221; Says the apostolic creed. But Jesus isn&#8217;t just parked in heaven. He sits to &#8220;the right of God the father&#8221;. And he leads from there his followers on the earth while they act on his great commission: &#8220;And\u00a0Jesus\u00a0came [&hellip;]<\/p>\n","protected":false},"author":2,"featured_media":203,"comment_status":"open","ping_status":"open","sticky":false,"template":"","format":"standard","meta":{"_et_pb_use_builder":"on","_et_pb_old_content":"","_et_gb_content_width":"","footnotes":""},"categories":[52,26],"tags":[],"class_list":["post-131","post","type-post","status-publish","format-standard","has-post-thumbnail","hentry","category-jesus-and-the-bible-blog","category-jesus-saves"],"yoast_head":"<!-- This site is optimized with the Yoast SEO plugin v24.4 - https:\/\/yoast.com\/wordpress\/plugins\/seo\/ -->\n<title>Jesus is God&#039;s CEO for changing the world! - Change the World International<\/title>\n<meta name=\"robots\" content=\"index, follow, max-snippet:-1, max-image-preview:large, max-video-preview:-1\" \/>\n<link rel=\"canonical\" href=\"https:\/\/change-the-world.international\/en\/2023\/01\/12\/jesus-is-gods-ceo-for-changing-the-world\/\" \/>\n<meta property=\"og:locale\" content=\"en_US\" \/>\n<meta property=\"og:type\" content=\"article\" \/>\n<meta property=\"og:title\" content=\"Jesus is God&#039;s CEO for changing the world! - Change the World International\" \/>\n<meta property=\"og:description\" content=\"Jesus is ascended into heaven. &quot;From there he will return to judge the living and the dead.&quot; Says the apostolic creed. But Jesus isn&#039;t just parked in heaven. He sits to &quot;the right of God the father&quot;. And he leads from there his followers on the earth while they act on his great commission: &quot;And\u00a0Jesus\u00a0came [&hellip;]\" \/>\n<meta property=\"og:url\" content=\"https:\/\/change-the-world.international\/en\/2023\/01\/12\/jesus-is-gods-ceo-for-changing-the-world\/\" \/>\n<meta property=\"og:site_name\" content=\"Change the World International\" \/>\n<meta property=\"article:published_time\" content=\"2023-01-12T21:31:56+00:00\" \/>\n<meta property=\"article:modified_time\" content=\"2023-01-19T20:21:38+00:00\" \/>\n<meta property=\"og:image\" content=\"https:\/\/change-the-world.international\/wp-content\/uploads\/2022\/07\/AdobeStock_17391546-scaled.jpeg\" \/>\n\t<meta property=\"og:image:width\" content=\"2560\" \/>\n\t<meta property=\"og:image:height\" content=\"979\" \/>\n\t<meta property=\"og:image:type\" content=\"image\/jpeg\" \/>\n<meta name=\"author\" content=\"Andreas Wolff\" \/>\n<meta name=\"twitter:card\" content=\"summary_large_image\" \/>\n<meta name=\"twitter:label1\" content=\"Written by\" \/>\n\t<meta name=\"twitter:data1\" content=\"Andreas Wolff\" \/>\n\t<meta name=\"twitter:label2\" content=\"Est. reading time\" \/>\n\t<meta name=\"twitter:data2\" content=\"3 minutes\" \/>\n<script type=\"application\/ld+json\" class=\"yoast-schema-graph\">{\"@context\":\"https:\/\/schema.org\",\"@graph\":[{\"@type\":\"WebPage\",\"@id\":\"https:\/\/change-the-world.international\/en\/2023\/01\/12\/jesus-is-gods-ceo-for-changing-the-world\/\",\"url\":\"https:\/\/change-the-world.international\/en\/2023\/01\/12\/jesus-is-gods-ceo-for-changing-the-world\/\",\"name\":\"Jesus is God's CEO for changing the world! - Change the World International\",\"isPartOf\":{\"@id\":\"https:\/\/change-the-world.international\/en\/#website\"},\"primaryImageOfPage\":{\"@id\":\"https:\/\/change-the-world.international\/en\/2023\/01\/12\/jesus-is-gods-ceo-for-changing-the-world\/#primaryimage\"},\"image\":{\"@id\":\"https:\/\/change-the-world.international\/en\/2023\/01\/12\/jesus-is-gods-ceo-for-changing-the-world\/#primaryimage\"},\"thumbnailUrl\":\"https:\/\/change-the-world.international\/wp-content\/uploads\/2022\/07\/AdobeStock_17391546-scaled.jpeg\",\"datePublished\":\"2023-01-12T21:31:56+00:00\",\"dateModified\":\"2023-01-19T20:21:38+00:00\",\"author\":{\"@id\":\"https:\/\/change-the-world.international\/en\/#\/schema\/person\/1fdae61ea109b18396a955ddb93a54ae\"},\"breadcrumb\":{\"@id\":\"https:\/\/change-the-world.international\/en\/2023\/01\/12\/jesus-is-gods-ceo-for-changing-the-world\/#breadcrumb\"},\"inLanguage\":\"en-US\",\"potentialAction\":[{\"@type\":\"ReadAction\",\"target\":[\"https:\/\/change-the-world.international\/en\/2023\/01\/12\/jesus-is-gods-ceo-for-changing-the-world\/\"]}]},{\"@type\":\"ImageObject\",\"inLanguage\":\"en-US\",\"@id\":\"https:\/\/change-the-world.international\/en\/2023\/01\/12\/jesus-is-gods-ceo-for-changing-the-world\/#primaryimage\",\"url\":\"https:\/\/change-the-world.international\/wp-content\/uploads\/2022\/07\/AdobeStock_17391546-scaled.jpeg\",\"contentUrl\":\"https:\/\/change-the-world.international\/wp-content\/uploads\/2022\/07\/AdobeStock_17391546-scaled.jpeg\",\"width\":2560,\"height\":979,\"caption\":\"Figure with crucifixion wounds extending a hand to another man with his head in the sand\"},{\"@type\":\"BreadcrumbList\",\"@id\":\"https:\/\/change-the-world.international\/en\/2023\/01\/12\/jesus-is-gods-ceo-for-changing-the-world\/#breadcrumb\",\"itemListElement\":[{\"@type\":\"ListItem\",\"position\":1,\"name\":\"Home\",\"item\":\"https:\/\/change-the-world.international\/en\/\"},{\"@type\":\"ListItem\",\"position\":2,\"name\":\"Jesus is God&#8217;s CEO for changing the world!\"}]},{\"@type\":\"WebSite\",\"@id\":\"https:\/\/change-the-world.international\/en\/#website\",\"url\":\"https:\/\/change-the-world.international\/en\/\",\"name\":\"Change the World International\",\"description\":\"God&#039;s Kingdom is like a pine nut planted in the soil.\",\"potentialAction\":[{\"@type\":\"SearchAction\",\"target\":{\"@type\":\"EntryPoint\",\"urlTemplate\":\"https:\/\/change-the-world.international\/en\/?s={search_term_string}\"},\"query-input\":{\"@type\":\"PropertyValueSpecification\",\"valueRequired\":true,\"valueName\":\"search_term_string\"}}],\"inLanguage\":\"en-US\"},{\"@type\":\"Person\",\"@id\":\"https:\/\/change-the-world.international\/en\/#\/schema\/person\/1fdae61ea109b18396a955ddb93a54ae\",\"name\":\"Andreas Wolff\",\"image\":{\"@type\":\"ImageObject\",\"inLanguage\":\"en-US\",\"@id\":\"https:\/\/change-the-world.international\/en\/#\/schema\/person\/image\/\",\"url\":\"https:\/\/secure.gravatar.com\/avatar\/922a27a83b5315fca6105f51c9042331?s=96&d=mm&r=g\",\"contentUrl\":\"https:\/\/secure.gravatar.com\/avatar\/922a27a83b5315fca6105f51c9042331?s=96&d=mm&r=g\",\"caption\":\"Andreas Wolff\"},\"description\":\"Jahrgang 1971, Christ seit 1989, verheiratet seit 1995, 2 Kinder. Andreas ist ausgebildeter Redakteur (bei ERF Medien), studierte zuvor Theologie in T\u00fcbingen und Gie\u00dfen (FTA), mit einem Hochschuleinf\u00fchrungssemester bei der Studiengemeinschaft Wort und Wissen. Er arbeitete mehrere Jahre bei der Evangelischen Nachrichtenagentur idea und als Projektmanager f\u00fcr interaktive Medien beim marktf\u00fchrenden Corporate Publisher in Deutschland. Er betreibt seit 2010 ein B\u00fcro f\u00fcr Medienkommunikation in der Pfalz.\",\"url\":\"https:\/\/change-the-world.international\/en\/author\/andreas\/\"}]}<\/script>\n<!-- \/ Yoast SEO plugin. -->","yoast_head_json":{"title":"Jesus is God's CEO for changing the world! - Change the World International","robots":{"index":"index","follow":"follow","max-snippet":"max-snippet:-1","max-image-preview":"max-image-preview:large","max-video-preview":"max-video-preview:-1"},"canonical":"https:\/\/change-the-world.international\/en\/2023\/01\/12\/jesus-is-gods-ceo-for-changing-the-world\/","og_locale":"en_US","og_type":"article","og_title":"Jesus is God's CEO for changing the world! - Change the World International","og_description":"Jesus is ascended into heaven. \"From there he will return to judge the living and the dead.\" Says the apostolic creed. But Jesus isn't just parked in heaven. He sits to \"the right of God the father\". And he leads from there his followers on the earth while they act on his great commission: \"And\u00a0Jesus\u00a0came [&hellip;]","og_url":"https:\/\/change-the-world.international\/en\/2023\/01\/12\/jesus-is-gods-ceo-for-changing-the-world\/","og_site_name":"Change the World International","article_published_time":"2023-01-12T21:31:56+00:00","article_modified_time":"2023-01-19T20:21:38+00:00","og_image":[{"width":2560,"height":979,"url":"https:\/\/change-the-world.international\/wp-content\/uploads\/2022\/07\/AdobeStock_17391546-scaled.jpeg","type":"image\/jpeg"}],"author":"Andreas Wolff","twitter_card":"summary_large_image","twitter_misc":{"Written by":"Andreas Wolff","Est. reading time":"3 minutes"},"schema":{"@context":"https:\/\/schema.org","@graph":[{"@type":"WebPage","@id":"https:\/\/change-the-world.international\/en\/2023\/01\/12\/jesus-is-gods-ceo-for-changing-the-world\/","url":"https:\/\/change-the-world.international\/en\/2023\/01\/12\/jesus-is-gods-ceo-for-changing-the-world\/","name":"Jesus is God's CEO for changing the world! - Change the World International","isPartOf":{"@id":"https:\/\/change-the-world.international\/en\/#website"},"primaryImageOfPage":{"@id":"https:\/\/change-the-world.international\/en\/2023\/01\/12\/jesus-is-gods-ceo-for-changing-the-world\/#primaryimage"},"image":{"@id":"https:\/\/change-the-world.international\/en\/2023\/01\/12\/jesus-is-gods-ceo-for-changing-the-world\/#primaryimage"},"thumbnailUrl":"https:\/\/change-the-world.international\/wp-content\/uploads\/2022\/07\/AdobeStock_17391546-scaled.jpeg","datePublished":"2023-01-12T21:31:56+00:00","dateModified":"2023-01-19T20:21:38+00:00","author":{"@id":"https:\/\/change-the-world.international\/en\/#\/schema\/person\/1fdae61ea109b18396a955ddb93a54ae"},"breadcrumb":{"@id":"https:\/\/change-the-world.international\/en\/2023\/01\/12\/jesus-is-gods-ceo-for-changing-the-world\/#breadcrumb"},"inLanguage":"en-US","potentialAction":[{"@type":"ReadAction","target":["https:\/\/change-the-world.international\/en\/2023\/01\/12\/jesus-is-gods-ceo-for-changing-the-world\/"]}]},{"@type":"ImageObject","inLanguage":"en-US","@id":"https:\/\/change-the-world.international\/en\/2023\/01\/12\/jesus-is-gods-ceo-for-changing-the-world\/#primaryimage","url":"https:\/\/change-the-world.international\/wp-content\/uploads\/2022\/07\/AdobeStock_17391546-scaled.jpeg","contentUrl":"https:\/\/change-the-world.international\/wp-content\/uploads\/2022\/07\/AdobeStock_17391546-scaled.jpeg","width":2560,"height":979,"caption":"Figure with crucifixion wounds extending a hand to another man with his head in the sand"},{"@type":"BreadcrumbList","@id":"https:\/\/change-the-world.international\/en\/2023\/01\/12\/jesus-is-gods-ceo-for-changing-the-world\/#breadcrumb","itemListElement":[{"@type":"ListItem","position":1,"name":"Home","item":"https:\/\/change-the-world.international\/en\/"},{"@type":"ListItem","position":2,"name":"Jesus is God&#8217;s CEO for changing the world!"}]},{"@type":"WebSite","@id":"https:\/\/change-the-world.international\/en\/#website","url":"https:\/\/change-the-world.international\/en\/","name":"Change the World International","description":"God&#039;s Kingdom is like a pine nut planted in the soil.","potentialAction":[{"@type":"SearchAction","target":{"@type":"EntryPoint","urlTemplate":"https:\/\/change-the-world.international\/en\/?s={search_term_string}"},"query-input":{"@type":"PropertyValueSpecification","valueRequired":true,"valueName":"search_term_string"}}],"inLanguage":"en-US"},{"@type":"Person","@id":"https:\/\/change-the-world.international\/en\/#\/schema\/person\/1fdae61ea109b18396a955ddb93a54ae","name":"Andreas Wolff","image":{"@type":"ImageObject","inLanguage":"en-US","@id":"https:\/\/change-the-world.international\/en\/#\/schema\/person\/image\/","url":"https:\/\/secure.gravatar.com\/avatar\/922a27a83b5315fca6105f51c9042331?s=96&d=mm&r=g","contentUrl":"https:\/\/secure.gravatar.com\/avatar\/922a27a83b5315fca6105f51c9042331?s=96&d=mm&r=g","caption":"Andreas Wolff"},"description":"Jahrgang 1971, Christ seit 1989, verheiratet seit 1995, 2 Kinder. Andreas ist ausgebildeter Redakteur (bei ERF Medien), studierte zuvor Theologie in T\u00fcbingen und Gie\u00dfen (FTA), mit einem Hochschuleinf\u00fchrungssemester bei der Studiengemeinschaft Wort und Wissen. Er arbeitete mehrere Jahre bei der Evangelischen Nachrichtenagentur idea und als Projektmanager f\u00fcr interaktive Medien beim marktf\u00fchrenden Corporate Publisher in Deutschland. Er betreibt seit 2010 ein B\u00fcro f\u00fcr Medienkommunikation in der Pfalz.","url":"https:\/\/change-the-world.international\/en\/author\/andreas\/"}]}},"_links":{"self":[{"href":"https:\/\/change-the-world.international\/en\/wp-json\/wp\/v2\/posts\/131","targetHints":{"allow":["GET"]}}],"collection":[{"href":"https:\/\/change-the-world.international\/en\/wp-json\/wp\/v2\/posts"}],"about":[{"href":"https:\/\/change-the-world.international\/en\/wp-json\/wp\/v2\/types\/post"}],"author":[{"embeddable":true,"href":"https:\/\/change-the-world.international\/en\/wp-json\/wp\/v2\/users\/2"}],"replies":[{"embeddable":true,"href":"https:\/\/change-the-world.international\/en\/wp-json\/wp\/v2\/comments?post=131"}],"version-history":[{"count":12,"href":"https:\/\/change-the-world.international\/en\/wp-json\/wp\/v2\/posts\/131\/revisions"}],"predecessor-version":[{"id":1012,"href":"https:\/\/change-the-world.international\/en\/wp-json\/wp\/v2\/posts\/131\/revisions\/1012"}],"wp:featuredmedia":[{"embeddable":true,"href":"https:\/\/change-the-world.international\/en\/wp-json\/wp\/v2\/media\/203"}],"wp:attachment":[{"href":"https:\/\/change-the-world.international\/en\/wp-json\/wp\/v2\/media?parent=131"}],"wp:term":[{"taxonomy":"category","embeddable":true,"href":"https:\/\/change-the-world.international\/en\/wp-json\/wp\/v2\/categories?post=131"},{"taxonomy":"post_tag","embeddable":true,"href":"https:\/\/change-the-world.international\/en\/wp-json\/wp\/v2\/tags?post=131"}],"curies":[{"name":"wp","href":"https:\/\/api.w.org\/{rel}","templated":true}]}}