{"id":216,"date":"2022-07-12T17:16:00","date_gmt":"2022-07-12T16:16:00","guid":{"rendered":"https:\/\/change-the-world.international\/?p=216"},"modified":"2023-01-12T21:30:37","modified_gmt":"2023-01-12T21:30:37","slug":"hello-world","status":"publish","type":"post","link":"https:\/\/change-the-world.international\/en\/2022\/07\/12\/hello-world\/","title":{"rendered":"Hello World!"},"content":{"rendered":"<p>[et_pb_section fb_built=&#8221;1&#8243; _builder_version=&#8221;4.17.6&#8243; _module_preset=&#8221;default&#8221; global_colors_info=&#8221;{}&#8221;][et_pb_row _builder_version=&#8221;4.17.6&#8243; _module_preset=&#8221;default&#8221; global_colors_info=&#8221;{}&#8221; column_structure=&#8221;2_5,3_5&#8243;][et_pb_column type=&#8221;2_5&#8243; _builder_version=&#8221;4.17.6&#8243; _module_preset=&#8221;default&#8221; global_colors_info=&#8221;{}&#8221;][et_pb_text _builder_version=&#8221;4.19.4&#8243; _module_preset=&#8221;default&#8221; global_colors_info=&#8221;{}&#8221;]<\/p>\n<p>It&#8217;s time for a change.<\/p>\n<p>A change as God wants it to happen.<\/p>\n<p>It is not about this &#8220;I want to change everything&#8221; as people who are still lost sometimes say it. Because they realize subconciously that something is wrong with this world.<\/p>\n<p>If we change just because of the fascination of change itself, we just change our idols. And idols don&#8217;t have the power to make us happy in the long run. Their blinding light fades away soon.\u00a0<\/p>\n<p>God instead had made his decision, how he wanted to change the world after it&#8217;s fall, very early:<\/p>\n<p>God wanted to give grace to his fallen creation. He did this through Jesus Christ!<\/p>\n<p>He revealed himself as the good father of his children.<\/p>\n<p>If You bring all Your sins to the cross of Jesus and trust your good heavenly father about everything he has for You, Your transformation begins &#8230;<\/p>\n<p>[\/et_pb_text][\/et_pb_column][et_pb_column type=&#8221;3_5&#8243; _builder_version=&#8221;4.17.6&#8243; _module_preset=&#8221;default&#8221; global_colors_info=&#8221;{}&#8221;][et_pb_testimonial author=&#8221;Paul in his 2nd letter to the Corinthians 5,17 &#8211; 6-2&#8243; portrait_url=&#8221;https:\/\/change-the-world.international\/wp-content\/uploads\/2023\/01\/AdobeStock_59450959-scaled.webp&#8221; _builder_version=&#8221;4.19.4&#8243; _module_preset=&#8221;default&#8221; hover_enabled=&#8221;0&#8243; sticky_enabled=&#8221;0&#8243; title_text=&#8221;Paul Mosaic&#8221;]<\/p>\n<p><span>When I therefore was thus minded, did I use lightness? or the things that I purpose, do I purpose according to the flesh, that with me there should be yea yea, and nay nay?<\/span><span class=\"verse\" id=\"18\"><span>\u00a0<\/span><\/span><span>But as God is true, our word toward you was not yea and nay. <\/span><span>For the Son of God,\u00a0<\/span><span class=\"person\">Jesus<span>\u00a0<\/span><\/span><span class=\"person\">Christ<\/span><span>, who was preached among you by us, even by me and Silvanus and Timotheus, was not yea and nay, but in him was yea. <\/span><span>For all the promises of God in him are yea, and in him Amen, unto the glory of God by us. <\/span><span>Now he which stablisheth us with you in\u00a0<\/span><span class=\"person\">Christ<\/span><span>, and hath anointed us, is God; <\/span><span>Who hath also sealed us, and given the earnest of the Spirit in our hearts. <\/span><span>Moreover I call God for a record upon my soul, that to spare you I came not as yet unto Corinth. <\/span><span>Not for that we have dominion over your faith, but are helpers of your joy: for by faith ye stand. <\/span><span>We then, as workers together with him, beseech you also that ye receive not the grace of God in vain. For he saith, I have heard thee in a time accepted, and in the day of salvation have I succoured thee: behold, now is the accepted time; behold, now is the day of salvation.<\/span><\/p>\n<p>[\/et_pb_testimonial][\/et_pb_column][\/et_pb_row][\/et_pb_section]<\/p>\n","protected":false},"excerpt":{"rendered":"<p>It&#8217;s time for a change. A change as God wants it to happen. It is not about this &#8220;I want to change everything&#8221; as people who are still lost sometimes say it. Because they realize subconciously that something is wrong with this world. If we change just because of the fascination of change itself, we [&hellip;]<\/p>\n","protected":false},"author":2,"featured_media":217,"comment_status":"open","ping_status":"open","sticky":false,"template":"","format":"standard","meta":{"_et_pb_use_builder":"on","_et_pb_old_content":"","_et_gb_content_width":"","footnotes":""},"categories":[23],"tags":[],"class_list":["post-216","post","type-post","status-publish","format-standard","has-post-thumbnail","hentry","category-change-the-world-blog"],"yoast_head":"<!-- This site is optimized with the Yoast SEO plugin v24.4 - https:\/\/yoast.com\/wordpress\/plugins\/seo\/ -->\n<title>Hello World! - Change the World International<\/title>\n<meta name=\"robots\" content=\"index, follow, max-snippet:-1, max-image-preview:large, max-video-preview:-1\" \/>\n<link rel=\"canonical\" href=\"https:\/\/change-the-world.international\/en\/2022\/07\/12\/hello-world\/\" \/>\n<meta property=\"og:locale\" content=\"en_US\" \/>\n<meta property=\"og:type\" content=\"article\" \/>\n<meta property=\"og:title\" content=\"Hello World! - Change the World International\" \/>\n<meta property=\"og:description\" content=\"It&#039;s time for a change. A change as God wants it to happen. It is not about this &quot;I want to change everything&quot; as people who are still lost sometimes say it. Because they realize subconciously that something is wrong with this world. If we change just because of the fascination of change itself, we [&hellip;]\" \/>\n<meta property=\"og:url\" content=\"https:\/\/change-the-world.international\/en\/2022\/07\/12\/hello-world\/\" \/>\n<meta property=\"og:site_name\" content=\"Change the World International\" \/>\n<meta property=\"article:published_time\" content=\"2022-07-12T16:16:00+00:00\" \/>\n<meta property=\"article:modified_time\" content=\"2023-01-12T21:30:37+00:00\" \/>\n<meta property=\"og:image\" content=\"https:\/\/change-the-world.international\/wp-content\/uploads\/2022\/07\/AdobeStock_201553243-scaled.jpeg\" \/>\n\t<meta property=\"og:image:width\" content=\"2560\" \/>\n\t<meta property=\"og:image:height\" content=\"1707\" \/>\n\t<meta property=\"og:image:type\" content=\"image\/jpeg\" \/>\n<meta name=\"author\" content=\"Andreas Wolff\" \/>\n<meta name=\"twitter:card\" content=\"summary_large_image\" \/>\n<meta name=\"twitter:label1\" content=\"Written by\" \/>\n\t<meta name=\"twitter:data1\" content=\"Andreas Wolff\" \/>\n\t<meta name=\"twitter:label2\" content=\"Est. reading time\" \/>\n\t<meta name=\"twitter:data2\" content=\"1 minute\" \/>\n<script type=\"application\/ld+json\" class=\"yoast-schema-graph\">{\"@context\":\"https:\/\/schema.org\",\"@graph\":[{\"@type\":\"WebPage\",\"@id\":\"https:\/\/change-the-world.international\/en\/2022\/07\/12\/hello-world\/\",\"url\":\"https:\/\/change-the-world.international\/en\/2022\/07\/12\/hello-world\/\",\"name\":\"Hello World! - Change the World International\",\"isPartOf\":{\"@id\":\"https:\/\/change-the-world.international\/en\/#website\"},\"primaryImageOfPage\":{\"@id\":\"https:\/\/change-the-world.international\/en\/2022\/07\/12\/hello-world\/#primaryimage\"},\"image\":{\"@id\":\"https:\/\/change-the-world.international\/en\/2022\/07\/12\/hello-world\/#primaryimage\"},\"thumbnailUrl\":\"https:\/\/change-the-world.international\/wp-content\/uploads\/2022\/07\/AdobeStock_201553243-scaled.jpeg\",\"datePublished\":\"2022-07-12T16:16:00+00:00\",\"dateModified\":\"2023-01-12T21:30:37+00:00\",\"author\":{\"@id\":\"https:\/\/change-the-world.international\/en\/#\/schema\/person\/1fdae61ea109b18396a955ddb93a54ae\"},\"breadcrumb\":{\"@id\":\"https:\/\/change-the-world.international\/en\/2022\/07\/12\/hello-world\/#breadcrumb\"},\"inLanguage\":\"en-US\",\"potentialAction\":[{\"@type\":\"ReadAction\",\"target\":[\"https:\/\/change-the-world.international\/en\/2022\/07\/12\/hello-world\/\"]}]},{\"@type\":\"ImageObject\",\"inLanguage\":\"en-US\",\"@id\":\"https:\/\/change-the-world.international\/en\/2022\/07\/12\/hello-world\/#primaryimage\",\"url\":\"https:\/\/change-the-world.international\/wp-content\/uploads\/2022\/07\/AdobeStock_201553243-scaled.jpeg\",\"contentUrl\":\"https:\/\/change-the-world.international\/wp-content\/uploads\/2022\/07\/AdobeStock_201553243-scaled.jpeg\",\"width\":2560,\"height\":1707,\"caption\":\"Europe at night viewed from space with city lights showing human activity in Germany, France, Spain, Italy and other countries, 3d rendering of planet Earth, elements from NASA\"},{\"@type\":\"BreadcrumbList\",\"@id\":\"https:\/\/change-the-world.international\/en\/2022\/07\/12\/hello-world\/#breadcrumb\",\"itemListElement\":[{\"@type\":\"ListItem\",\"position\":1,\"name\":\"Home\",\"item\":\"https:\/\/change-the-world.international\/en\/\"},{\"@type\":\"ListItem\",\"position\":2,\"name\":\"Hello World!\"}]},{\"@type\":\"WebSite\",\"@id\":\"https:\/\/change-the-world.international\/en\/#website\",\"url\":\"https:\/\/change-the-world.international\/en\/\",\"name\":\"Change the World International\",\"description\":\"God&#039;s Kingdom is like a pine nut planted in the soil.\",\"potentialAction\":[{\"@type\":\"SearchAction\",\"target\":{\"@type\":\"EntryPoint\",\"urlTemplate\":\"https:\/\/change-the-world.international\/en\/?s={search_term_string}\"},\"query-input\":{\"@type\":\"PropertyValueSpecification\",\"valueRequired\":true,\"valueName\":\"search_term_string\"}}],\"inLanguage\":\"en-US\"},{\"@type\":\"Person\",\"@id\":\"https:\/\/change-the-world.international\/en\/#\/schema\/person\/1fdae61ea109b18396a955ddb93a54ae\",\"name\":\"Andreas Wolff\",\"image\":{\"@type\":\"ImageObject\",\"inLanguage\":\"en-US\",\"@id\":\"https:\/\/change-the-world.international\/en\/#\/schema\/person\/image\/\",\"url\":\"https:\/\/secure.gravatar.com\/avatar\/922a27a83b5315fca6105f51c9042331?s=96&d=mm&r=g\",\"contentUrl\":\"https:\/\/secure.gravatar.com\/avatar\/922a27a83b5315fca6105f51c9042331?s=96&d=mm&r=g\",\"caption\":\"Andreas Wolff\"},\"description\":\"Jahrgang 1971, Christ seit 1989, verheiratet seit 1995, 2 Kinder. Andreas ist ausgebildeter Redakteur (bei ERF Medien), studierte zuvor Theologie in T\u00fcbingen und Gie\u00dfen (FTA), mit einem Hochschuleinf\u00fchrungssemester bei der Studiengemeinschaft Wort und Wissen. Er arbeitete mehrere Jahre bei der Evangelischen Nachrichtenagentur idea und als Projektmanager f\u00fcr interaktive Medien beim marktf\u00fchrenden Corporate Publisher in Deutschland. Er betreibt seit 2010 ein B\u00fcro f\u00fcr Medienkommunikation in der Pfalz.\",\"url\":\"https:\/\/change-the-world.international\/en\/author\/andreas\/\"}]}<\/script>\n<!-- \/ Yoast SEO plugin. -->","yoast_head_json":{"title":"Hello World! - Change the World International","robots":{"index":"index","follow":"follow","max-snippet":"max-snippet:-1","max-image-preview":"max-image-preview:large","max-video-preview":"max-video-preview:-1"},"canonical":"https:\/\/change-the-world.international\/en\/2022\/07\/12\/hello-world\/","og_locale":"en_US","og_type":"article","og_title":"Hello World! - Change the World International","og_description":"It's time for a change. A change as God wants it to happen. It is not about this \"I want to change everything\" as people who are still lost sometimes say it. Because they realize subconciously that something is wrong with this world. If we change just because of the fascination of change itself, we [&hellip;]","og_url":"https:\/\/change-the-world.international\/en\/2022\/07\/12\/hello-world\/","og_site_name":"Change the World International","article_published_time":"2022-07-12T16:16:00+00:00","article_modified_time":"2023-01-12T21:30:37+00:00","og_image":[{"width":2560,"height":1707,"url":"https:\/\/change-the-world.international\/wp-content\/uploads\/2022\/07\/AdobeStock_201553243-scaled.jpeg","type":"image\/jpeg"}],"author":"Andreas Wolff","twitter_card":"summary_large_image","twitter_misc":{"Written by":"Andreas Wolff","Est. reading time":"1 minute"},"schema":{"@context":"https:\/\/schema.org","@graph":[{"@type":"WebPage","@id":"https:\/\/change-the-world.international\/en\/2022\/07\/12\/hello-world\/","url":"https:\/\/change-the-world.international\/en\/2022\/07\/12\/hello-world\/","name":"Hello World! - Change the World International","isPartOf":{"@id":"https:\/\/change-the-world.international\/en\/#website"},"primaryImageOfPage":{"@id":"https:\/\/change-the-world.international\/en\/2022\/07\/12\/hello-world\/#primaryimage"},"image":{"@id":"https:\/\/change-the-world.international\/en\/2022\/07\/12\/hello-world\/#primaryimage"},"thumbnailUrl":"https:\/\/change-the-world.international\/wp-content\/uploads\/2022\/07\/AdobeStock_201553243-scaled.jpeg","datePublished":"2022-07-12T16:16:00+00:00","dateModified":"2023-01-12T21:30:37+00:00","author":{"@id":"https:\/\/change-the-world.international\/en\/#\/schema\/person\/1fdae61ea109b18396a955ddb93a54ae"},"breadcrumb":{"@id":"https:\/\/change-the-world.international\/en\/2022\/07\/12\/hello-world\/#breadcrumb"},"inLanguage":"en-US","potentialAction":[{"@type":"ReadAction","target":["https:\/\/change-the-world.international\/en\/2022\/07\/12\/hello-world\/"]}]},{"@type":"ImageObject","inLanguage":"en-US","@id":"https:\/\/change-the-world.international\/en\/2022\/07\/12\/hello-world\/#primaryimage","url":"https:\/\/change-the-world.international\/wp-content\/uploads\/2022\/07\/AdobeStock_201553243-scaled.jpeg","contentUrl":"https:\/\/change-the-world.international\/wp-content\/uploads\/2022\/07\/AdobeStock_201553243-scaled.jpeg","width":2560,"height":1707,"caption":"Europe at night viewed from space with city lights showing human activity in Germany, France, Spain, Italy and other countries, 3d rendering of planet Earth, elements from NASA"},{"@type":"BreadcrumbList","@id":"https:\/\/change-the-world.international\/en\/2022\/07\/12\/hello-world\/#breadcrumb","itemListElement":[{"@type":"ListItem","position":1,"name":"Home","item":"https:\/\/change-the-world.international\/en\/"},{"@type":"ListItem","position":2,"name":"Hello World!"}]},{"@type":"WebSite","@id":"https:\/\/change-the-world.international\/en\/#website","url":"https:\/\/change-the-world.international\/en\/","name":"Change the World International","description":"God&#039;s Kingdom is like a pine nut planted in the soil.","potentialAction":[{"@type":"SearchAction","target":{"@type":"EntryPoint","urlTemplate":"https:\/\/change-the-world.international\/en\/?s={search_term_string}"},"query-input":{"@type":"PropertyValueSpecification","valueRequired":true,"valueName":"search_term_string"}}],"inLanguage":"en-US"},{"@type":"Person","@id":"https:\/\/change-the-world.international\/en\/#\/schema\/person\/1fdae61ea109b18396a955ddb93a54ae","name":"Andreas Wolff","image":{"@type":"ImageObject","inLanguage":"en-US","@id":"https:\/\/change-the-world.international\/en\/#\/schema\/person\/image\/","url":"https:\/\/secure.gravatar.com\/avatar\/922a27a83b5315fca6105f51c9042331?s=96&d=mm&r=g","contentUrl":"https:\/\/secure.gravatar.com\/avatar\/922a27a83b5315fca6105f51c9042331?s=96&d=mm&r=g","caption":"Andreas Wolff"},"description":"Jahrgang 1971, Christ seit 1989, verheiratet seit 1995, 2 Kinder. Andreas ist ausgebildeter Redakteur (bei ERF Medien), studierte zuvor Theologie in T\u00fcbingen und Gie\u00dfen (FTA), mit einem Hochschuleinf\u00fchrungssemester bei der Studiengemeinschaft Wort und Wissen. Er arbeitete mehrere Jahre bei der Evangelischen Nachrichtenagentur idea und als Projektmanager f\u00fcr interaktive Medien beim marktf\u00fchrenden Corporate Publisher in Deutschland. Er betreibt seit 2010 ein B\u00fcro f\u00fcr Medienkommunikation in der Pfalz.","url":"https:\/\/change-the-world.international\/en\/author\/andreas\/"}]}},"_links":{"self":[{"href":"https:\/\/change-the-world.international\/en\/wp-json\/wp\/v2\/posts\/216","targetHints":{"allow":["GET"]}}],"collection":[{"href":"https:\/\/change-the-world.international\/en\/wp-json\/wp\/v2\/posts"}],"about":[{"href":"https:\/\/change-the-world.international\/en\/wp-json\/wp\/v2\/types\/post"}],"author":[{"embeddable":true,"href":"https:\/\/change-the-world.international\/en\/wp-json\/wp\/v2\/users\/2"}],"replies":[{"embeddable":true,"href":"https:\/\/change-the-world.international\/en\/wp-json\/wp\/v2\/comments?post=216"}],"version-history":[{"count":8,"href":"https:\/\/change-the-world.international\/en\/wp-json\/wp\/v2\/posts\/216\/revisions"}],"predecessor-version":[{"id":548,"href":"https:\/\/change-the-world.international\/en\/wp-json\/wp\/v2\/posts\/216\/revisions\/548"}],"wp:featuredmedia":[{"embeddable":true,"href":"https:\/\/change-the-world.international\/en\/wp-json\/wp\/v2\/media\/217"}],"wp:attachment":[{"href":"https:\/\/change-the-world.international\/en\/wp-json\/wp\/v2\/media?parent=216"}],"wp:term":[{"taxonomy":"category","embeddable":true,"href":"https:\/\/change-the-world.international\/en\/wp-json\/wp\/v2\/categories?post=216"},{"taxonomy":"post_tag","embeddable":true,"href":"https:\/\/change-the-world.international\/en\/wp-json\/wp\/v2\/tags?post=216"}],"curies":[{"name":"wp","href":"https:\/\/api.w.org\/{rel}","templated":true}]}}