{"id":2,"name":"Andreas Wolff","url":"","description":"Jahrgang 1971, Christ seit 1989, verheiratet seit 1995, 2 Kinder. Andreas ist ausgebildeter Redakteur (bei ERF Medien), studierte zuvor Theologie in T\u00fcbingen und Gie\u00dfen (FTA), mit einem Hochschuleinf\u00fchrungssemester bei der Studiengemeinschaft Wort und Wissen. Er arbeitete mehrere Jahre bei der Evangelischen Nachrichtenagentur idea und als Projektmanager f\u00fcr interaktive Medien beim marktf\u00fchrenden Corporate Publisher in Deutschland. Er betreibt seit 2010 ein B\u00fcro f\u00fcr Medienkommunikation in der Pfalz.","link":"https:\/\/change-the-world.international\/en\/author\/andreas\/","slug":"andreas","avatar_urls":{"24":"https:\/\/secure.gravatar.com\/avatar\/922a27a83b5315fca6105f51c9042331?s=24&d=mm&r=g","48":"https:\/\/secure.gravatar.com\/avatar\/922a27a83b5315fca6105f51c9042331?s=48&d=mm&r=g","96":"https:\/\/secure.gravatar.com\/avatar\/922a27a83b5315fca6105f51c9042331?s=96&d=mm&r=g"},"meta":[],"yoast_head":"<!-- This site is optimized with the Yoast SEO plugin v24.4 - https:\/\/yoast.com\/wordpress\/plugins\/seo\/ -->\n<title>Andreas Wolff, Author at Change the World International<\/title>\n<meta name=\"robots\" content=\"index, follow, max-snippet:-1, max-image-preview:large, max-video-preview:-1\" \/>\n<link rel=\"canonical\" href=\"https:\/\/change-the-world.international\/en\/author\/andreas\/\" \/>\n<meta property=\"og:locale\" content=\"en_US\" \/>\n<meta property=\"og:type\" content=\"profile\" \/>\n<meta property=\"og:title\" content=\"Andreas Wolff, Author at Change the World International\" \/>\n<meta property=\"og:url\" content=\"https:\/\/change-the-world.international\/author\/andreas\/\" \/>\n<meta property=\"og:site_name\" content=\"Change the World International\" \/>\n<meta property=\"og:image\" content=\"https:\/\/secure.gravatar.com\/avatar\/922a27a83b5315fca6105f51c9042331?s=500&d=mm&r=g\" \/>\n<meta name=\"twitter:card\" content=\"summary_large_image\" \/>\n<script type=\"application\/ld+json\" class=\"yoast-schema-graph\">{\"@context\":\"https:\/\/schema.org\",\"@graph\":[{\"@type\":\"ProfilePage\",\"@id\":\"https:\/\/change-the-world.international\/author\/andreas\/\",\"url\":\"https:\/\/change-the-world.international\/author\/andreas\/\",\"name\":\"Andreas Wolff, Author at Change the World International\",\"isPartOf\":{\"@id\":\"https:\/\/change-the-world.international\/en\/#website\"},\"breadcrumb\":{\"@id\":\"https:\/\/change-the-world.international\/author\/andreas\/#breadcrumb\"},\"inLanguage\":\"en-US\",\"potentialAction\":[{\"@type\":\"ReadAction\",\"target\":[\"https:\/\/change-the-world.international\/author\/andreas\/\"]}]},{\"@type\":\"BreadcrumbList\",\"@id\":\"https:\/\/change-the-world.international\/author\/andreas\/#breadcrumb\",\"itemListElement\":[{\"@type\":\"ListItem\",\"position\":1,\"name\":\"Home\",\"item\":\"https:\/\/change-the-world.international\/en\/\"},{\"@type\":\"ListItem\",\"position\":2,\"name\":\"Archives for Andreas Wolff\"}]},{\"@type\":\"WebSite\",\"@id\":\"https:\/\/change-the-world.international\/en\/#website\",\"url\":\"https:\/\/change-the-world.international\/en\/\",\"name\":\"Change the World International\",\"description\":\"God&#039;s Kingdom is like a pine nut planted in the soil.\",\"potentialAction\":[{\"@type\":\"SearchAction\",\"target\":{\"@type\":\"EntryPoint\",\"urlTemplate\":\"https:\/\/change-the-world.international\/en\/?s={search_term_string}\"},\"query-input\":{\"@type\":\"PropertyValueSpecification\",\"valueRequired\":true,\"valueName\":\"search_term_string\"}}],\"inLanguage\":\"en-US\"},{\"@type\":\"Person\",\"@id\":\"https:\/\/change-the-world.international\/en\/#\/schema\/person\/1fdae61ea109b18396a955ddb93a54ae\",\"name\":\"Andreas Wolff\",\"image\":{\"@type\":\"ImageObject\",\"inLanguage\":\"en-US\",\"@id\":\"https:\/\/change-the-world.international\/en\/#\/schema\/person\/image\/\",\"url\":\"https:\/\/secure.gravatar.com\/avatar\/922a27a83b5315fca6105f51c9042331?s=96&d=mm&r=g\",\"contentUrl\":\"https:\/\/secure.gravatar.com\/avatar\/922a27a83b5315fca6105f51c9042331?s=96&d=mm&r=g\",\"caption\":\"Andreas Wolff\"},\"description\":\"Jahrgang 1971, Christ seit 1989, verheiratet seit 1995, 2 Kinder. Andreas ist ausgebildeter Redakteur (bei ERF Medien), studierte zuvor Theologie in T\u00fcbingen und Gie\u00dfen (FTA), mit einem Hochschuleinf\u00fchrungssemester bei der Studiengemeinschaft Wort und Wissen. Er arbeitete mehrere Jahre bei der Evangelischen Nachrichtenagentur idea und als Projektmanager f\u00fcr interaktive Medien beim marktf\u00fchrenden Corporate Publisher in Deutschland. Er betreibt seit 2010 ein B\u00fcro f\u00fcr Medienkommunikation in der Pfalz.\",\"mainEntityOfPage\":{\"@id\":\"https:\/\/change-the-world.international\/author\/andreas\/\"}}]}<\/script>\n<!-- \/ Yoast SEO plugin. -->","yoast_head_json":{"title":"Andreas Wolff, Author at Change the World International","robots":{"index":"index","follow":"follow","max-snippet":"max-snippet:-1","max-image-preview":"max-image-preview:large","max-video-preview":"max-video-preview:-1"},"canonical":"https:\/\/change-the-world.international\/en\/author\/andreas\/","og_locale":"en_US","og_type":"profile","og_title":"Andreas Wolff, Author at Change the World International","og_url":"https:\/\/change-the-world.international\/author\/andreas\/","og_site_name":"Change the World International","og_image":[{"url":"https:\/\/secure.gravatar.com\/avatar\/922a27a83b5315fca6105f51c9042331?s=500&d=mm&r=g","type":"","width":"","height":""}],"twitter_card":"summary_large_image","schema":{"@context":"https:\/\/schema.org","@graph":[{"@type":"ProfilePage","@id":"https:\/\/change-the-world.international\/author\/andreas\/","url":"https:\/\/change-the-world.international\/author\/andreas\/","name":"Andreas Wolff, Author at Change the World International","isPartOf":{"@id":"https:\/\/change-the-world.international\/en\/#website"},"breadcrumb":{"@id":"https:\/\/change-the-world.international\/author\/andreas\/#breadcrumb"},"inLanguage":"en-US","potentialAction":[{"@type":"ReadAction","target":["https:\/\/change-the-world.international\/author\/andreas\/"]}]},{"@type":"BreadcrumbList","@id":"https:\/\/change-the-world.international\/author\/andreas\/#breadcrumb","itemListElement":[{"@type":"ListItem","position":1,"name":"Home","item":"https:\/\/change-the-world.international\/en\/"},{"@type":"ListItem","position":2,"name":"Archives for Andreas Wolff"}]},{"@type":"WebSite","@id":"https:\/\/change-the-world.international\/en\/#website","url":"https:\/\/change-the-world.international\/en\/","name":"Change the World International","description":"God&#039;s Kingdom is like a pine nut planted in the soil.","potentialAction":[{"@type":"SearchAction","target":{"@type":"EntryPoint","urlTemplate":"https:\/\/change-the-world.international\/en\/?s={search_term_string}"},"query-input":{"@type":"PropertyValueSpecification","valueRequired":true,"valueName":"search_term_string"}}],"inLanguage":"en-US"},{"@type":"Person","@id":"https:\/\/change-the-world.international\/en\/#\/schema\/person\/1fdae61ea109b18396a955ddb93a54ae","name":"Andreas Wolff","image":{"@type":"ImageObject","inLanguage":"en-US","@id":"https:\/\/change-the-world.international\/en\/#\/schema\/person\/image\/","url":"https:\/\/secure.gravatar.com\/avatar\/922a27a83b5315fca6105f51c9042331?s=96&d=mm&r=g","contentUrl":"https:\/\/secure.gravatar.com\/avatar\/922a27a83b5315fca6105f51c9042331?s=96&d=mm&r=g","caption":"Andreas Wolff"},"description":"Jahrgang 1971, Christ seit 1989, verheiratet seit 1995, 2 Kinder. Andreas ist ausgebildeter Redakteur (bei ERF Medien), studierte zuvor Theologie in T\u00fcbingen und Gie\u00dfen (FTA), mit einem Hochschuleinf\u00fchrungssemester bei der Studiengemeinschaft Wort und Wissen. Er arbeitete mehrere Jahre bei der Evangelischen Nachrichtenagentur idea und als Projektmanager f\u00fcr interaktive Medien beim marktf\u00fchrenden Corporate Publisher in Deutschland. Er betreibt seit 2010 ein B\u00fcro f\u00fcr Medienkommunikation in der Pfalz.","mainEntityOfPage":{"@id":"https:\/\/change-the-world.international\/author\/andreas\/"}}]}},"_links":{"self":[{"href":"https:\/\/change-the-world.international\/en\/wp-json\/wp\/v2\/users\/2","targetHints":{"allow":["GET"]}}],"collection":[{"href":"https:\/\/change-the-world.international\/en\/wp-json\/wp\/v2\/users"}]}}